{"@context":"https:\/\/schema.org\/","@type":"CollectionPage","@id":"https:\/\/www.snella.cz\/vyrobky\/#CollectionPage","headline":"V\u00fdrobky Category","description":"","url":"https:\/\/www.snella.cz\/vyrobky\/","hasPart":[{"@type":"Article","@id":"https:\/\/www.snella.cz\/zkontrolujte-si-dvere-a-okna\/","headline":"Zkontrolujte si dve\u0159e a okna","url":"https:\/\/www.snella.cz\/zkontrolujte-si-dvere-a-okna\/","datePublished":"2025-06-06","dateModified":"2025-06-06","mainEntityOfPage":"https:\/\/www.snella.cz\/zkontrolujte-si-dvere-a-okna\/","author":{"@type":"Person","@id":"https:\/\/www.snella.cz\/author\/devene\/#Person","name":"devene","url":"https:\/\/www.snella.cz\/author\/devene\/","identifier":1,"image":{"@type":"ImageObject","@id":"https:\/\/secure.gravatar.com\/avatar\/dcb1aeb5e7d95014cdc92e76cf3c72f6b456579bf773ad0081803a6569ffc19c?s=96&d=mm&r=g","url":"https:\/\/secure.gravatar.com\/avatar\/dcb1aeb5e7d95014cdc92e76cf3c72f6b456579bf773ad0081803a6569ffc19c?s=96&d=mm&r=g","height":96,"width":96}},"publisher":{"@type":"Organization","name":"snella.cz","logo":{"@type":"ImageObject","@id":"\/logo.png","url":"\/logo.png","width":600,"height":60}},"image":{"@type":"ImageObject","@id":"https:\/\/www.snella.cz\/wp-content\/uploads\/door-6877105_640_1.jpg","url":"https:\/\/www.snella.cz\/wp-content\/uploads\/door-6877105_640_1.jpg","height":0,"width":0},"keywords":null},{"@type":"Article","@id":"https:\/\/www.snella.cz\/vymena-starych-garazovych-vrat\/","headline":"V\u00fdm\u011bna star\u00fdch gar\u00e1\u017eov\u00fdch vrat","url":"https:\/\/www.snella.cz\/vymena-starych-garazovych-vrat\/","datePublished":"2025-04-17","dateModified":"2025-04-17","mainEntityOfPage":"https:\/\/www.snella.cz\/vymena-starych-garazovych-vrat\/","author":{"@type":"Person","@id":"https:\/\/www.snella.cz\/author\/devene\/#Person","name":"devene","url":"https:\/\/www.snella.cz\/author\/devene\/","identifier":1,"image":{"@type":"ImageObject","@id":"https:\/\/secure.gravatar.com\/avatar\/dcb1aeb5e7d95014cdc92e76cf3c72f6b456579bf773ad0081803a6569ffc19c?s=96&d=mm&r=g","url":"https:\/\/secure.gravatar.com\/avatar\/dcb1aeb5e7d95014cdc92e76cf3c72f6b456579bf773ad0081803a6569ffc19c?s=96&d=mm&r=g","height":96,"width":96}},"publisher":{"@type":"Organization","name":"snella.cz","logo":{"@type":"ImageObject","@id":"\/logo.png","url":"\/logo.png","width":600,"height":60}},"image":{"@type":"ImageObject","@id":"https:\/\/www.snella.cz\/wp-content\/uploads\/garage-1379189_640_10_3.jpg","url":"https:\/\/www.snella.cz\/wp-content\/uploads\/garage-1379189_640_10_3.jpg","height":0,"width":0},"keywords":null},{"@type":"Article","@id":"https:\/\/www.snella.cz\/dokonale-skrine\/","headline":"Dokonal\u00e9 sk\u0159\u00edn\u011b","url":"https:\/\/www.snella.cz\/dokonale-skrine\/","datePublished":"2025-03-29","dateModified":"2025-03-29","mainEntityOfPage":"https:\/\/www.snella.cz\/dokonale-skrine\/","author":{"@type":"Person","@id":"https:\/\/www.snella.cz\/author\/devene\/#Person","name":"devene","url":"https:\/\/www.snella.cz\/author\/devene\/","identifier":1,"image":{"@type":"ImageObject","@id":"https:\/\/secure.gravatar.com\/avatar\/dcb1aeb5e7d95014cdc92e76cf3c72f6b456579bf773ad0081803a6569ffc19c?s=96&d=mm&r=g","url":"https:\/\/secure.gravatar.com\/avatar\/dcb1aeb5e7d95014cdc92e76cf3c72f6b456579bf773ad0081803a6569ffc19c?s=96&d=mm&r=g","height":96,"width":96}},"publisher":{"@type":"Organization","name":"snella.cz","logo":{"@type":"ImageObject","@id":"\/logo.png","url":"\/logo.png","width":600,"height":60}},"image":{"@type":"ImageObject","@id":"https:\/\/www.snella.cz\/wp-content\/uploads\/closet-3615613_640_4.jpg","url":"https:\/\/www.snella.cz\/wp-content\/uploads\/closet-3615613_640_4.jpg","height":0,"width":0},"keywords":null},{"@type":"Article","@id":"https:\/\/www.snella.cz\/dovolena-na-horach\/","headline":"Dovolen\u00e1 na hor\u00e1ch?","url":"https:\/\/www.snella.cz\/dovolena-na-horach\/","datePublished":"2025-02-14","dateModified":"2025-02-14","mainEntityOfPage":"https:\/\/www.snella.cz\/dovolena-na-horach\/","author":{"@type":"Person","@id":"https:\/\/www.snella.cz\/author\/devene\/#Person","name":"devene","url":"https:\/\/www.snella.cz\/author\/devene\/","identifier":1,"image":{"@type":"ImageObject","@id":"https:\/\/secure.gravatar.com\/avatar\/dcb1aeb5e7d95014cdc92e76cf3c72f6b456579bf773ad0081803a6569ffc19c?s=96&d=mm&r=g","url":"https:\/\/secure.gravatar.com\/avatar\/dcb1aeb5e7d95014cdc92e76cf3c72f6b456579bf773ad0081803a6569ffc19c?s=96&d=mm&r=g","height":96,"width":96}},"publisher":{"@type":"Organization","name":"snella.cz","logo":{"@type":"ImageObject","@id":"\/logo.png","url":"\/logo.png","width":600,"height":60}},"image":{"@type":"ImageObject","@id":"https:\/\/www.snella.cz\/wp-content\/uploads\/girl-3528292_640_2.jpg","url":"https:\/\/www.snella.cz\/wp-content\/uploads\/girl-3528292_640_2.jpg","height":0,"width":0},"keywords":null},{"@type":"Article","@id":"https:\/\/www.snella.cz\/k-cemu-doma-vyuzit-molitan-na-miru\/","headline":"K \u010demu doma vyu\u017e\u00edt molitan na m\u00edru","url":"https:\/\/www.snella.cz\/k-cemu-doma-vyuzit-molitan-na-miru\/","datePublished":"2025-02-11","dateModified":"2025-02-11","mainEntityOfPage":"https:\/\/www.snella.cz\/k-cemu-doma-vyuzit-molitan-na-miru\/","author":{"@type":"Person","@id":"https:\/\/www.snella.cz\/author\/devene\/#Person","name":"devene","url":"https:\/\/www.snella.cz\/author\/devene\/","identifier":1,"image":{"@type":"ImageObject","@id":"https:\/\/secure.gravatar.com\/avatar\/dcb1aeb5e7d95014cdc92e76cf3c72f6b456579bf773ad0081803a6569ffc19c?s=96&d=mm&r=g","url":"https:\/\/secure.gravatar.com\/avatar\/dcb1aeb5e7d95014cdc92e76cf3c72f6b456579bf773ad0081803a6569ffc19c?s=96&d=mm&r=g","height":96,"width":96}},"publisher":{"@type":"Organization","name":"snella.cz","logo":{"@type":"ImageObject","@id":"\/logo.png","url":"\/logo.png","width":600,"height":60}},"image":{"@type":"ImageObject","@id":"https:\/\/www.snella.cz\/wp-content\/uploads\/bed-1846251_640_10_3.jpg","url":"https:\/\/www.snella.cz\/wp-content\/uploads\/bed-1846251_640_10_3.jpg","height":0,"width":0},"keywords":null},{"@type":"Article","@id":"https:\/\/www.snella.cz\/jak-se-zbavit-otoku\/","headline":"Jak se zbavit otok\u016f?","url":"https:\/\/www.snella.cz\/jak-se-zbavit-otoku\/","datePublished":"2024-12-23","dateModified":"2024-12-23","mainEntityOfPage":"https:\/\/www.snella.cz\/jak-se-zbavit-otoku\/","author":{"@type":"Person","@id":"https:\/\/www.snella.cz\/author\/devene\/#Person","name":"devene","url":"https:\/\/www.snella.cz\/author\/devene\/","identifier":1,"image":{"@type":"ImageObject","@id":"https:\/\/secure.gravatar.com\/avatar\/dcb1aeb5e7d95014cdc92e76cf3c72f6b456579bf773ad0081803a6569ffc19c?s=96&d=mm&r=g","url":"https:\/\/secure.gravatar.com\/avatar\/dcb1aeb5e7d95014cdc92e76cf3c72f6b456579bf773ad0081803a6569ffc19c?s=96&d=mm&r=g","height":96,"width":96}},"publisher":{"@type":"Organization","name":"snella.cz","logo":{"@type":"ImageObject","@id":"\/logo.png","url":"\/logo.png","width":600,"height":60}},"image":{"@type":"ImageObject","@id":"https:\/\/www.snella.cz\/wp-content\/uploads\/%C4%8Daj_10_10_3.jpg","url":"https:\/\/www.snella.cz\/wp-content\/uploads\/%C4%8Daj_10_10_3.jpg","height":0,"width":0},"keywords":null},{"@type":"Article","@id":"https:\/\/www.snella.cz\/obnovte-cajovou-tradici-prave-o-vanocich\/","headline":"Obnovte \u010dajovou tradici pr\u00e1v\u011b o V\u00e1noc\u00edch","url":"https:\/\/www.snella.cz\/obnovte-cajovou-tradici-prave-o-vanocich\/","datePublished":"2024-10-19","dateModified":"2024-10-19","mainEntityOfPage":"https:\/\/www.snella.cz\/obnovte-cajovou-tradici-prave-o-vanocich\/","author":{"@type":"Person","@id":"https:\/\/www.snella.cz\/author\/devene\/#Person","name":"devene","url":"https:\/\/www.snella.cz\/author\/devene\/","identifier":1,"image":{"@type":"ImageObject","@id":"https:\/\/secure.gravatar.com\/avatar\/dcb1aeb5e7d95014cdc92e76cf3c72f6b456579bf773ad0081803a6569ffc19c?s=96&d=mm&r=g","url":"https:\/\/secure.gravatar.com\/avatar\/dcb1aeb5e7d95014cdc92e76cf3c72f6b456579bf773ad0081803a6569ffc19c?s=96&d=mm&r=g","height":96,"width":96}},"publisher":{"@type":"Organization","name":"snella.cz","logo":{"@type":"ImageObject","@id":"\/logo.png","url":"\/logo.png","width":600,"height":60}},"image":{"@type":"ImageObject","@id":"https:\/\/www.snella.cz\/wp-content\/uploads\/drink-7031154_640_2.jpg","url":"https:\/\/www.snella.cz\/wp-content\/uploads\/drink-7031154_640_2.jpg","height":0,"width":0},"keywords":null},{"@type":"Article","@id":"https:\/\/www.snella.cz\/po-nemoci-i-po-uraze\/","headline":"Po nemoci i po \u00faraze","url":"https:\/\/www.snella.cz\/po-nemoci-i-po-uraze\/","datePublished":"2024-10-06","dateModified":"2024-10-06","mainEntityOfPage":"https:\/\/www.snella.cz\/po-nemoci-i-po-uraze\/","author":{"@type":"Person","@id":"https:\/\/www.snella.cz\/author\/devene\/#Person","name":"devene","url":"https:\/\/www.snella.cz\/author\/devene\/","identifier":1,"image":{"@type":"ImageObject","@id":"https:\/\/secure.gravatar.com\/avatar\/dcb1aeb5e7d95014cdc92e76cf3c72f6b456579bf773ad0081803a6569ffc19c?s=96&d=mm&r=g","url":"https:\/\/secure.gravatar.com\/avatar\/dcb1aeb5e7d95014cdc92e76cf3c72f6b456579bf773ad0081803a6569ffc19c?s=96&d=mm&r=g","height":96,"width":96}},"publisher":{"@type":"Organization","name":"snella.cz","logo":{"@type":"ImageObject","@id":"\/logo.png","url":"\/logo.png","width":600,"height":60}},"image":{"@type":"ImageObject","@id":"https:\/\/www.snella.cz\/wp-content\/uploads\/mannequins-1079925_640(1).jpg","url":"https:\/\/www.snella.cz\/wp-content\/uploads\/mannequins-1079925_640(1).jpg","height":0,"width":0},"keywords":null},{"@type":"Article","@id":"https:\/\/www.snella.cz\/sisa-a-cestovani\/","headline":"\u0160\u00ed\u0161a a cestov\u00e1n\u00ed","url":"https:\/\/www.snella.cz\/sisa-a-cestovani\/","datePublished":"2024-09-17","dateModified":"2024-09-17","mainEntityOfPage":"https:\/\/www.snella.cz\/sisa-a-cestovani\/","author":{"@type":"Person","@id":"https:\/\/www.snella.cz\/author\/devene\/#Person","name":"devene","url":"https:\/\/www.snella.cz\/author\/devene\/","identifier":1,"image":{"@type":"ImageObject","@id":"https:\/\/secure.gravatar.com\/avatar\/dcb1aeb5e7d95014cdc92e76cf3c72f6b456579bf773ad0081803a6569ffc19c?s=96&d=mm&r=g","url":"https:\/\/secure.gravatar.com\/avatar\/dcb1aeb5e7d95014cdc92e76cf3c72f6b456579bf773ad0081803a6569ffc19c?s=96&d=mm&r=g","height":96,"width":96}},"publisher":{"@type":"Organization","name":"snella.cz","logo":{"@type":"ImageObject","@id":"\/logo.png","url":"\/logo.png","width":600,"height":60}},"image":{"@type":"ImageObject","@id":"https:\/\/www.snella.cz\/wp-content\/uploads\/shisha-4749223_640_10_10_9.jpg","url":"https:\/\/www.snella.cz\/wp-content\/uploads\/shisha-4749223_640_10_10_9.jpg","height":0,"width":0},"keywords":null},{"@type":"Article","@id":"https:\/\/www.snella.cz\/nosite-ho-s-sebou\/","headline":"Nos\u00edte ho s sebou?","url":"https:\/\/www.snella.cz\/nosite-ho-s-sebou\/","datePublished":"2024-04-13","dateModified":"2024-05-13","mainEntityOfPage":"https:\/\/www.snella.cz\/nosite-ho-s-sebou\/","author":{"@type":"Person","@id":"https:\/\/www.snella.cz\/author\/devene\/#Person","name":"devene","url":"https:\/\/www.snella.cz\/author\/devene\/","identifier":1,"image":{"@type":"ImageObject","@id":"https:\/\/secure.gravatar.com\/avatar\/dcb1aeb5e7d95014cdc92e76cf3c72f6b456579bf773ad0081803a6569ffc19c?s=96&d=mm&r=g","url":"https:\/\/secure.gravatar.com\/avatar\/dcb1aeb5e7d95014cdc92e76cf3c72f6b456579bf773ad0081803a6569ffc19c?s=96&d=mm&r=g","height":96,"width":96}},"publisher":{"@type":"Organization","name":"snella.cz","logo":{"@type":"ImageObject","@id":"\/logo.png","url":"\/logo.png","width":600,"height":60}},"image":{"@type":"ImageObject","@id":"https:\/\/www.snella.cz\/wp-content\/uploads\/ipad-2618343_640_1.jpg","url":"https:\/\/www.snella.cz\/wp-content\/uploads\/ipad-2618343_640_1.jpg","height":0,"width":0},"keywords":null}]}