[{"@context":"https:\/\/schema.org\/","@type":"Article","@id":"https:\/\/www.snella.cz\/nove-topeni\/#Article","mainEntityOfPage":"https:\/\/www.snella.cz\/nove-topeni\/","headline":"Nov\u00e9 topen\u00ed","name":"Nov\u00e9 topen\u00ed","description":"Kolikr\u00e1t jsem u\u017e doma \u0159e\u0161ila takov\u00e9 probl\u00e9my, \u017ee jsem v\u017edycky m\u011bla v kuchyni a ob\u00fdvac\u00edm pokoji takovou pl\u00edse\u0148, \u017ee se mi z toho v\u017edycky cht\u011blo opravdu hodn\u011b bre\u010det. Opravdu nech\u00e1pu,&#8230;","datePublished":"2023-03-27","dateModified":"2023-03-27","author":{"@type":"Person","@id":"https:\/\/www.snella.cz\/author\/devene\/#Person","name":"devene","url":"https:\/\/www.snella.cz\/author\/devene\/","identifier":1,"image":{"@type":"ImageObject","@id":"https:\/\/secure.gravatar.com\/avatar\/dcb1aeb5e7d95014cdc92e76cf3c72f6b456579bf773ad0081803a6569ffc19c?s=96&d=mm&r=g","url":"https:\/\/secure.gravatar.com\/avatar\/dcb1aeb5e7d95014cdc92e76cf3c72f6b456579bf773ad0081803a6569ffc19c?s=96&d=mm&r=g","height":96,"width":96}},"publisher":{"@type":"Organization","name":"snella.cz","logo":{"@type":"ImageObject","@id":"\/logo.png","url":"\/logo.png","width":600,"height":60}},"image":{"@type":"ImageObject","@id":"https:\/\/www.snella.cz\/wp-content\/uploads\/smart-home-3096219_960_720_2.jpg","url":"https:\/\/www.snella.cz\/wp-content\/uploads\/smart-home-3096219_960_720_2.jpg","height":0,"width":0},"url":"https:\/\/www.snella.cz\/nove-topeni\/","about":["V\u00fdrobky"],"wordCount":450,"articleBody":"   Kolikr\u00e1t jsem u\u017e doma \u0159e\u0161ila takov\u00e9 probl\u00e9my, \u017ee jsem v\u017edycky m\u011bla v kuchyni a ob\u00fdvac\u00edm pokoji takovou pl\u00edse\u0148, \u017ee se mi z toho v\u017edycky cht\u011blo opravdu hodn\u011b bre\u010det. Opravdu nech\u00e1pu, pro\u010d j\u00e1 zrovna m\u00e1m takovou sm\u016flu, \u017ee se u m\u011b doma dr\u017e\u00ed pl\u00edse\u0148. A kdy\u017e jsem tohle \u0159e\u0161ila po telefonu t\u0159eba se sv\u00fdm otcem anebo bratrem, tak mi v\u017edycky \u0159ekli, \u017ee pr\u00fd m\u00e1lo top\u00edm a m\u00e1lo v\u011btr\u00e1m m\u00edstnosti. Jenom\u017ee jsem se necht\u011bla v\u016fbec s t\u00edm ztoto\u017enit, proto\u017ee j\u00e1 opravdu ka\u017ed\u00e9 r\u00e1no v\u011btr\u00e1m, a je\u0161t\u011b, ne\u017e jdu sp\u00e1t, tak si tak\u00e9 po\u0159\u00e1dn\u011b vyv\u011btr\u00e1m, aby se mi l\u00e9pe spalo. A \u017ee netop\u00edm? Mysl\u00edm si, \u017ee tohle je \u00fapln\u00e1 blbost. Proto\u017ee j\u00e1 top\u00edm velice r\u00e1da, proto\u017ee jsem hodn\u011b zimom\u0159iv\u00e1, tak\u017ee top\u00edm opravdu pravideln\u011b a n\u011bkdy a\u017e moc. Tak\u017ee absolutn\u011b nech\u00e1pu, kde oni p\u0159i\u0161li na to, \u017ee v\u016fbec doma netop\u00edm a \u017ee kv\u016fli tomu m\u00e1m doma tak\u00e9 p\u00edsn\u011b. Potom mi a na m\u016fj bratr \u0159ekl, \u017ee kdybych cht\u011bla m\u00edt n\u011bjakou klimatizaci anebo n\u011bco podobn\u00e9ho, \u017ee se m\u00e1m pod\u00edvat na webov\u00e9 str\u00e1nky elmontech.cz, kde najdu opravdu mnoho informac\u00ed o tom, jak t\u0159eba m\u00edt topen\u00ed anebo ioniz\u00e1tor pro \u010di\u0161t\u011bn\u00ed vzduchu. Tohle m\u011b taky docela zaujalo, proto\u017ee jsem u\u017e tak\u00e9 p\u0159em\u00fd\u0161lela dlouho na v\u00fdhody ioniz\u00e1toru pro \u010di\u0161t\u011bn\u00ed vzduchu. A co t\u0159eba DAIKIN Stylish Elmontech? To by tak\u00e9 nebylo jist\u011b k zahozen\u00ed. A kdy\u017e se m\u011b opravdu hodn\u011b l\u00edbilo Daikin stylish takov\u00e9 topen\u00ed, tak jsem si \u0159ekla, \u017ee kdybych to doma m\u011bla, \u017ee bych se kone\u010dn\u011b tak\u00e9 mohla zbavit pl\u00edsn\u011b. A m\u00e1 to opravdu kr\u00e1sn\u00fd efekt a je to mal\u00e9 a kompaktn\u00ed, tak\u017ee jeho rozm\u011bry jsou skv\u011bl\u00e9 a m\u00e1 nav\u00edc zaoblen\u00e9 rohy. Sice cena je od pades\u00e1ti tis\u00edc korun, ale mysl\u00edm si, \u017ee si ka\u017ed\u00fd najde to sv\u00e9, proto\u017ee j\u00e1 m\u00e1m kvalitu v\u017edy na prvn\u00edm m\u00edst\u011b. Nav\u00edc j\u00e1 jsem v\u017edycky byla takov\u00e1, \u017ee jsem se zaj\u00edmala hodn\u011b o v\u0161echny r\u016fzn\u00e9 novinky, tak\u017ee m\u011b jist\u011b Daikin Stylis hodn\u011b zaujal a v\u00e1\u017en\u011b o n\u011bm p\u0159em\u00fd\u0161l\u00edm. V\u017edy\u0165 co bych mohla ud\u011blat \u0161patn\u011b? Podle m\u011b i m\u016fj p\u0159\u00edtel by m\u011b r\u00e1d podpo\u0159il.                                                                                                                                                                                                                                                                                                                                                                                           3\/5 - (1 vote)        "},{"@context":"https:\/\/schema.org\/","@type":"BreadcrumbList","itemListElement":[{"@type":"ListItem","position":1,"name":"Nov\u00e9 topen\u00ed","item":"https:\/\/www.snella.cz\/nove-topeni\/#breadcrumbitem"}]}]