[{"@context":"https:\/\/schema.org\/","@type":"Article","@id":"https:\/\/www.snella.cz\/krasa-kolem\/#Article","mainEntityOfPage":"https:\/\/www.snella.cz\/krasa-kolem\/","headline":"Kr\u00e1sa kolem","name":"Kr\u00e1sa kolem","description":"V\u017edycky jsem si \u0159\u00edkala, co si lidi p\u0159edstav\u00ed, kdy\u017e jim \u0159eknu kr\u00e1sa. Proto\u017ee mnoho lid\u00ed si v\u017edy p\u0159edstav\u00ed n\u011bjak\u00e9ho \u010dlov\u011bka, kter\u00fd odpov\u00edd\u00e1 ide\u00e1lu kr\u00e1sy. Jenom\u017ee kdy\u017e to tak vezmu, tak&#8230;","datePublished":"2023-01-10","dateModified":"2023-05-18","author":{"@type":"Person","@id":"https:\/\/www.snella.cz\/author\/devene\/#Person","name":"devene","url":"https:\/\/www.snella.cz\/author\/devene\/","identifier":1,"image":{"@type":"ImageObject","@id":"https:\/\/secure.gravatar.com\/avatar\/dcb1aeb5e7d95014cdc92e76cf3c72f6b456579bf773ad0081803a6569ffc19c?s=96&d=mm&r=g","url":"https:\/\/secure.gravatar.com\/avatar\/dcb1aeb5e7d95014cdc92e76cf3c72f6b456579bf773ad0081803a6569ffc19c?s=96&d=mm&r=g","height":96,"width":96}},"publisher":{"@type":"Organization","name":"snella.cz","logo":{"@type":"ImageObject","@id":"\/logo.png","url":"\/logo.png","width":600,"height":60}},"image":{"@type":"ImageObject","@id":"https:\/\/www.snella.cz\/wp-content\/uploads\/woman-1063100_960_720_1.jpg","url":"https:\/\/www.snella.cz\/wp-content\/uploads\/woman-1063100_960_720_1.jpg","height":0,"width":0},"url":"https:\/\/www.snella.cz\/krasa-kolem\/","about":["Kr\u00e1sa"],"wordCount":498,"articleBody":"V\u017edycky jsem si \u0159\u00edkala, co si lidi p\u0159edstav\u00ed, kdy\u017e jim \u0159eknu kr\u00e1sa. Proto\u017ee mnoho lid\u00ed si v\u017edy p\u0159edstav\u00ed n\u011bjak\u00e9ho \u010dlov\u011bka, kter\u00fd odpov\u00edd\u00e1 ide\u00e1lu kr\u00e1sy. Jenom\u017ee kdy\u017e to tak vezmu, tak jak v\u016fbec vypad\u00e1 ten ide\u00e1l kr\u00e1sy? Existuje v\u016fbec n\u011bjak\u00e9 m\u011b\u0159\u00edtko, \u010d\u00edm se m\u011b\u0159\u00ed lidsk\u00e1 kr\u00e1sa nebo je to jen v o\u010d\u00edch ka\u017ed\u00e9ho z n\u00e1s? Nap\u0159\u00edklad j\u00e1 a moje sestra, tak ob\u011b m\u00e1me \u00fapln\u011b jin\u00fd n\u00e1zor na kr\u00e1su, co se t\u00fd\u010de mu\u017e\u016f. Kdy\u017e jsem se tak\u00e9 ptala sv\u00e9 maminky nebo sv\u00e9ho p\u0159\u00edtele, co pro n\u011b znamen\u00e1 kr\u00e1sa, tak oba dva mi potvrdili, \u017ee nejv\u011bt\u0161\u00ed kr\u00e1sa je ta vnit\u0159n\u00ed. Jenom\u017ee jsem se musela sm\u00e1t. Proto\u017ee je p\u0159ece logick\u00e9, \u017ee kdy\u017e se zept\u00e1m sv\u00fdch rodi\u010d\u016f anebo sv\u00e9ho p\u0159\u00edtele, co to znamen\u00e1 kr\u00e1sa, tak mi samoz\u0159ejm\u011b oba dva odpov\u00edd\u00e1, \u017ee kr\u00e1sa je v\u017edycky to, co vy\u0159azuje z \u010dlov\u011bka. A p\u0159ece jen m\u011b nap\u0159\u00edklad m\u016fj p\u0159\u00edtel ne\u0159ekne, \u017ee kr\u00e1sa je pouze ta vn\u011bj\u0161\u00ed. Ani nev\u00edm, jestli bych se kv\u016fli tomu urazila. Jenom\u017ee kdy\u017e tak nad t\u00edm p\u0159em\u00fd\u0161l\u00edm, tak kolikr\u00e1t jsem taky v \u010dasopisech \u010detla, \u017ee mu\u017ei d\u00e1vaj\u00ed hlavn\u011b ze za\u010d\u00e1tku velk\u00fd d\u016fraz na to, \u017ee se zaj\u00edmaj\u00ed o tu vn\u011bj\u0161\u00ed kr\u00e1su. A ani nev\u00edm, jestli jim to m\u00e1m zazl\u00edvat. Proto\u017ee kolikr\u00e1t tak\u00e9 se st\u00e1v\u00e1, \u017ee p\u00e1nov\u00e9 jsou sp\u00ed\u0161e takov\u00e9ho zam\u011b\u0159en\u00ed, \u017ee prvn\u011b p\u0159em\u00fd\u0161l\u00ed t\u00edm, \u017ee se pod\u00edvaj\u00ed vizu\u00e1ln\u011b a zjist\u00ed, jak kdo a co vypad\u00e1 a jestli se\u00a0jim to v\u016fbec zamlouv\u00e1. Zaj\u00edmav\u00e9, \u017ee? A j\u00e1 tohle sice ch\u00e1pu, tak\u00e9 je to skv\u011bl\u00e9 a p\u011bkn\u00e9, ale co t\u0159eba nap\u0159\u00edklad vnit\u0159n\u00ed kr\u00e1sa. Anebo ta kr\u00e1sa okolo. Proto\u017ee p\u0159eci nav\u00edc m\u016f\u017eeme br\u00e1t tak\u00e9 v potaz to, \u017ee i p\u0159\u00edroda kolem je kr\u00e1sn\u00e1 a \u017ee mnoho lid\u00ed si p\u0159\u00edrody ani t\u0159eba nev\u00e1\u017e\u00ed. A tak\u00e9 podle m\u00e9ho n\u00e1zoru je \u0161koda, proto\u017ee nav\u00edc j\u00e1 d\u00e1v\u00e1m p\u0159ednost tak\u00e9 takov\u00e9 kr\u00e1se, kter\u00e1 je kolem n\u00e1s. A m\u00e1m nap\u0159\u00edklad moc r\u00e1da p\u0159\u00edrodu anebo kv\u011btiny. A jsem velk\u00e1 milovnice kv\u011btin a l\u00edb\u00ed se mi tolik druh\u016f kv\u011btin, \u017ee u\u017e si opravdu nedok\u00e1\u017eu p\u0159edstavit mou zahradu bez barevn\u00fdch kr\u00e1sn\u00fdch kv\u011bt\u016f. Tady jde alespo\u0148 vid\u011bt, \u017ee kr\u00e1sa znamen\u00e1 pro ka\u017ed\u00e9ho n\u011bco jin\u00e9ho. Tady \u010dlov\u011bk tak\u00e9 mus\u00ed br\u00e1t ohled na v\u0161echno okolo, proto\u017ee v\u0161echno kolem je sv\u00fdm zp\u016fsobem moc kr\u00e1sn\u00e9.\u00a0                                                                                                                                                                                                                                                                                                                                                                                        4.1\/5 - (7 votes)        "},{"@context":"https:\/\/schema.org\/","@type":"BreadcrumbList","itemListElement":[{"@type":"ListItem","position":1,"name":"Kr\u00e1sa kolem","item":"https:\/\/www.snella.cz\/krasa-kolem\/#breadcrumbitem"}]}]