[{"@context":"https:\/\/schema.org\/","@type":"Article","@id":"https:\/\/www.snella.cz\/kdo-se-stara-o-vase-zuby\/#Article","mainEntityOfPage":"https:\/\/www.snella.cz\/kdo-se-stara-o-vase-zuby\/","headline":"Kdo se star\u00e1 o va\u0161e zuby?","name":"Kdo se star\u00e1 o va\u0161e zuby?","description":"Poslouch\u00e1me to od mali\u010dka, \u010dist\u011bte si zuby, dbejte o sv\u016fj chrup, nav\u0161t\u011bvujte pravideln\u011b sv\u00e9ho zuba\u0159e, cho\u010fte na dent\u00e1ln\u00ed hygienu. A my bychom to r\u00e1di dodr\u017eovali, ale v n\u011bkter\u00fdch m\u00edstech na\u0161\u00ed&#8230;","datePublished":"2023-03-20","dateModified":"2023-04-25","author":{"@type":"Person","@id":"https:\/\/www.snella.cz\/author\/devene\/#Person","name":"devene","url":"https:\/\/www.snella.cz\/author\/devene\/","identifier":1,"image":{"@type":"ImageObject","@id":"https:\/\/secure.gravatar.com\/avatar\/dcb1aeb5e7d95014cdc92e76cf3c72f6b456579bf773ad0081803a6569ffc19c?s=96&d=mm&r=g","url":"https:\/\/secure.gravatar.com\/avatar\/dcb1aeb5e7d95014cdc92e76cf3c72f6b456579bf773ad0081803a6569ffc19c?s=96&d=mm&r=g","height":96,"width":96}},"publisher":{"@type":"Organization","name":"snella.cz","logo":{"@type":"ImageObject","@id":"\/logo.png","url":"\/logo.png","width":600,"height":60}},"image":{"@type":"ImageObject","@id":"https:\/\/www.snella.cz\/wp-content\/uploads\/chair-g738a395d3_640.jpg","url":"https:\/\/www.snella.cz\/wp-content\/uploads\/chair-g738a395d3_640.jpg","height":0,"width":0},"url":"https:\/\/www.snella.cz\/kdo-se-stara-o-vase-zuby\/","about":["Business"],"wordCount":414,"articleBody":"         Poslouch\u00e1me to od mali\u010dka, \u010dist\u011bte si zuby, dbejte o sv\u016fj chrup, nav\u0161t\u011bvujte pravideln\u011b sv\u00e9ho zuba\u0159e, cho\u010fte na dent\u00e1ln\u00ed hygienu. A my bychom to r\u00e1di dodr\u017eovali, ale v n\u011bkter\u00fdch m\u00edstech na\u0161\u00ed republiky m\u00e1me probl\u00e9m, nejsou tady zuba\u0159i, kte\u0159\u00ed by p\u0159ij\u00edmali nov\u00e9 pacienty. A co h\u016f\u0159, mnoh\u00e1 m\u011bsta nemaj\u00ed ani zubn\u00ed pohotovost a tak n\u00e1hl\u00e9 probl\u00e9my se zuby mus\u00edte protrp\u011bt a\u017e do r\u00e1na a pak se n\u011bkdy doslova dopro\u0161ovat sv\u00e9ho zuba\u0159e, aby v\u00e1s vzal na prohl\u00eddku mimo objedn\u00e1n\u00ed, ale hned.Lep\u0161\u00ed situace je v Praze a okol\u00ed. Pot\u0159ebujete-li sehnat zuba\u0159e, m\u016f\u017eeme v\u00e1m nab\u00eddnout zuba\u0159 Praha Clinicplus. Zde budete m\u00edt v\u0161e pod jednou st\u0159echou. Jak b\u011b\u017en\u00e9 pravideln\u00e9 zubn\u00ed prohl\u00eddky a to pro celou rodinu, tzn. v\u010detn\u011b d\u011bt\u00ed, ale tak\u00e9 zubn\u00ed mikrochirurgii, implant\u00e1ty, to v\u0161e m\u016f\u017eete za\u0159\u00eddit na jednom m\u00edst\u011b. Tak\u00e9 zubn\u00ed hygienu zde najdete. Severn\u00ed Morava m\u016f\u017ee jedin\u011b z\u00e1vid\u011bt. Preventivn\u00ed p\u00e9\u010de je \u010d\u00e1ste\u010dn\u011b z\u00e1visl\u00e1 i na va\u0161\u00ed zdravotn\u00ed poji\u0161\u0165ovn\u011b. Nebudeme si nalh\u00e1vat, \u017ee pokud je n\u011bco zadarmo, tak toho um\u00edme vyu\u017e\u00edvat. A pokud n\u00e1m zdravotn\u00ed poji\u0161\u0165ovna p\u0159isp\u00edv\u00e1 na dent\u00e1ln\u00ed hygienu, m\u011bli bychom toho vyu\u017e\u00edt a tuto prevenci si napl\u00e1novat. Sami uvid\u00edte, \u017ee dent\u00e1ln\u00ed hygienistka d\u00e1 va\u0161im zub\u016fm \u0159\u00e1dn\u011b zabrat a budete odch\u00e1zet s pocitem dokonale \u010dist\u00fdch a o\u0161et\u0159en\u00fdch zub\u016f.Kdy\u017e bol\u00ed zuby, je jen m\u00e1loco, co pom\u016f\u017ee od bolesti. V\u011bt\u0161inou nezbude ne\u017e urychlen\u011b nav\u0161t\u00edvit zuba\u0159e, kter\u00fd zub o\u0161et\u0159\u00ed nebo v nejhor\u0161\u00edm p\u0159\u00edpad\u011b vytrhne. Kdo u\u017e to za\u017eil tak v\u00ed, \u017ee v\u011bt\u0161\u00ed bolest snad neexistuje. A bohu\u017eel, i kdy\u017e si budete zuby \u010distit pravideln\u011b a chodit na pravideln\u00e9 zubn\u00ed kontroly, n\u00e1hl\u00e1 bolest zub\u016f se ned\u00e1 vylou\u010dit. Vedete sv\u00e9 mal\u00e9 d\u011bti k pravideln\u00e9mu \u010di\u0161t\u011bn\u00ed zub\u016f? M\u011bli byste je i v co nej\u00fatlej\u0161\u00edm v\u011bku vz\u00edt k zuba\u0159i, aby se sezn\u00e1mili s prost\u0159ed\u00edm a zuba\u0159 si z\u00edskal jejich d\u016fv\u011bru d\u0159\u00edve, ne\u017e jim bude muset \u0159e\u0161it n\u011bjak\u00fd probl\u00e9m s jejich ml\u00e9\u010dn\u00fdmi zoubky. Nikdy nen\u00ed brzo.                                                                                                                                                                                                                                                                                                                                                                                          4\/5 - (9 votes)        "},{"@context":"https:\/\/schema.org\/","@type":"BreadcrumbList","itemListElement":[{"@type":"ListItem","position":1,"name":"Kdo se star\u00e1 o va\u0161e zuby?","item":"https:\/\/www.snella.cz\/kdo-se-stara-o-vase-zuby\/#breadcrumbitem"}]}]