[{"@context":"https:\/\/schema.org\/","@type":"Article","@id":"https:\/\/www.snella.cz\/co-na-sebe-po-sedesatce\/#Article","mainEntityOfPage":"https:\/\/www.snella.cz\/co-na-sebe-po-sedesatce\/","headline":"Co na sebe po \u0161edes\u00e1tce?","name":"Co na sebe po \u0161edes\u00e1tce?","description":"Jak plyne \u010das v \u017eivot\u011b ka\u017ed\u00e9 \u017eeny se m\u011bn\u00ed i zp\u016fsob obl\u00e9k\u00e1n\u00ed. To, co se jim l\u00edbilo ve dvaceti, by na sebe v \u0161edes\u00e1ti u\u017e ur\u010dit\u011b neobl\u00e9kly. A je velk\u00fdm&#8230;","datePublished":"2022-11-25","dateModified":"2023-04-25","author":{"@type":"Person","@id":"https:\/\/www.snella.cz\/author\/devene\/#Person","name":"devene","url":"https:\/\/www.snella.cz\/author\/devene\/","identifier":1,"image":{"@type":"ImageObject","@id":"https:\/\/secure.gravatar.com\/avatar\/dcb1aeb5e7d95014cdc92e76cf3c72f6b456579bf773ad0081803a6569ffc19c?s=96&d=mm&r=g","url":"https:\/\/secure.gravatar.com\/avatar\/dcb1aeb5e7d95014cdc92e76cf3c72f6b456579bf773ad0081803a6569ffc19c?s=96&d=mm&r=g","height":96,"width":96}},"publisher":{"@type":"Organization","name":"snella.cz","logo":{"@type":"ImageObject","@id":"\/logo.png","url":"\/logo.png","width":600,"height":60}},"image":{"@type":"ImageObject","@id":"https:\/\/www.snella.cz\/wp-content\/uploads\/bracelet_bangle_jewellery_silver_0.jpg","url":"https:\/\/www.snella.cz\/wp-content\/uploads\/bracelet_bangle_jewellery_silver_0.jpg","height":0,"width":0},"url":"https:\/\/www.snella.cz\/co-na-sebe-po-sedesatce\/","about":["M\u00f3da"],"wordCount":448,"articleBody":"Jak plyne \u010das v \u017eivot\u011b ka\u017ed\u00e9 \u017eeny se m\u011bn\u00ed i zp\u016fsob obl\u00e9k\u00e1n\u00ed. To, co se jim l\u00edbilo ve dvaceti, by na sebe v \u0161edes\u00e1ti u\u017e ur\u010dit\u011b neobl\u00e9kly. A je velk\u00fdm um\u011bn\u00edm, aby se \u017eeny um\u011bly sv\u00e9mu v\u011bku p\u0159izp\u016fsobit a p\u0159esto vypadat dob\u0159e. Pokud tento dar \u017een\u011b chyb\u00ed, m\u016f\u017ee p\u016fsobit sv\u00fdm vzhledem sm\u011b\u0161n\u011b. V \u0161edes\u00e1ti slu\u0161\u00ed minisukn\u011b opravdu m\u00e1lokter\u00e9. Hlavn\u00edm po\u017eadavkem v\u011bt\u0161iny \u017een s p\u0159ib\u00fdvaj\u00edc\u00edm\u00a0v\u011bkem je p\u0159edev\u0161\u00edm pohodlnost vybran\u00e9ho oble\u010den\u00ed. A stejn\u011b tak si hl\u00eddaj\u00ed, aby jejich postav\u011b lichotilo. A zbyte\u010dn\u011b neupozor\u0148ovalo na p\u0159ebyte\u010dn\u00e1 kila, kter\u00e9 ve v\u011bku po \u0161edes\u00e1tce v\u011bt\u0161ina m\u00e1. \u010casto je pot\u0159eba nov\u00e9 oble\u010den\u00ed dop\u0159edu promyslet a p\u0159\u00edpadn\u011b si nechat odborn\u011b poradit. Proto\u017ee volba spr\u00e1vn\u00e9ho materi\u00e1lu, st\u0159\u00eddm\u00e9ho st\u0159ihu, vhodnou barevnost\u00ed a p\u0159edev\u0161\u00edm i d\u00e9lkou nov\u00e9ho svr\u0161ku poslou\u017e\u00ed k tomu pot\u0159ebn\u00e9mu pocitu, \u017ee nov\u00e9 oble\u010den\u00ed \u017een\u011b slu\u0161\u00ed. A vyu\u017eije ho i do budoucna a neodlo\u017e\u00ed po jednom pou\u017eit\u00ed.Osobitost lze p\u0159i obnov\u011b \u0161atn\u00edku dodr\u017eet i ve zral\u00e9m v\u011bku. Rozhodn\u011b nen\u00ed pot\u0159eba volit oble\u010den\u00ed v barv\u011b \u0161ed\u00e9 my\u0161i. Jednou z velk\u00fdch zm\u011bn, kter\u00e9 se zamlada musely dodr\u017eovat byla nutnost stejn\u00e9 barvy bot\u016f a kabelky. Co\u017e dneska u\u017e neplat\u00ed. A moudr\u00e1 \u017eena si i s t\u00edmto um\u00ed poradit. V p\u0159\u00edpad\u011b \u017ee zvol\u00ed \u010dernob\u00edl\u00e9 oble\u010den\u00ed, mohou jej doplnit jak b\u00edlou, \u010dernou tak i zlatou, \u010dervenou \u010di zelenou kabelkou.A boty mohou z\u016fstat v \u010dern\u00e9 barv\u011b. I m\u00fdtus, \u017ee star\u0161\u00ed \u017eeny nemohou nosit velk\u00e9 a v\u00fdrazn\u00e9 \u0161perky, lze p\u0159izp\u016fsobit dan\u00e9mu typu. A vhodn\u011b t\u00edm doplnit spole\u010densk\u00e9 \u0161aty. A nemus\u00ed to b\u00fdt ani kusy zlata a diamanty. Dob\u0159e zvolen\u00fd, designov\u011b dota\u017een\u00fd zdob\u00ed v ka\u017ed\u00e9m v\u011bku. A mnohdy milosrdn\u011b odpout\u00e1 pozornost od \u010dasem povadl\u00e9 pleti. Ve zral\u00e9m v\u011bku u\u017e mnoh\u00e9 \u017eeny p\u0159istupuj\u00ed ke sv\u00e9mu zp\u016fsobu obl\u00e9k\u00e1n\u00ed s ur\u010ditou celo\u017eivotn\u00ed zku\u0161enost\u00ed. A ve sv\u00fdch sk\u0159\u00edn\u00edch m\u00edvaj\u00ed uschov\u00e1ny poklady, kter\u00fdch se neum\u00ed vzd\u00e1t. A t\u00edm, jak se m\u00f3da neust\u00e1le vrac\u00ed, mnohdy i vnu\u010dky si najdou v \u0161atn\u00edku babi\u010dky ten prav\u00fd kousek, kter\u00fdm ohrom\u00ed kamar\u00e1dky. Tak\u017ee z toho plyne jedin\u00e9. \u017de i ty star\u0161\u00ed modely\u00a0mohou ud\u011blat radost.\u00a0                                                                                                                                                                                                                                                                                                                                                                                        4.2\/5 - (13 votes)        "},{"@context":"https:\/\/schema.org\/","@type":"BreadcrumbList","itemListElement":[{"@type":"ListItem","position":1,"name":"Co na sebe po \u0161edes\u00e1tce?","item":"https:\/\/www.snella.cz\/co-na-sebe-po-sedesatce\/#breadcrumbitem"}]}]