[{"@context":"https:\/\/schema.org\/","@type":"Article","@id":"https:\/\/www.snella.cz\/chtelo-by-to-cistku\/#Article","mainEntityOfPage":"https:\/\/www.snella.cz\/chtelo-by-to-cistku\/","headline":"Cht\u011blo by to \u010distku","name":"Cht\u011blo by to \u010distku","description":"Ud\u011blat si \u010das od \u010dasu \u010distku ve sv\u00e9 \u0161atn\u00ed sk\u0159\u00edni, by m\u011bla ka\u017ed\u00e1 z n\u00e1s. J\u00e1 ji d\u011bl\u00e1m celkem pravideln\u011b a stejn\u011b mi p\u0159ipad\u00e1, \u017ee tam i tak nech\u00e1m d\u00e1msk\u00e9&#8230;","datePublished":"2024-11-27","dateModified":"2024-11-27","author":{"@type":"Person","@id":"https:\/\/www.snella.cz\/author\/devene\/#Person","name":"devene","url":"https:\/\/www.snella.cz\/author\/devene\/","identifier":1,"image":{"@type":"ImageObject","@id":"https:\/\/secure.gravatar.com\/avatar\/dcb1aeb5e7d95014cdc92e76cf3c72f6b456579bf773ad0081803a6569ffc19c?s=96&d=mm&r=g","url":"https:\/\/secure.gravatar.com\/avatar\/dcb1aeb5e7d95014cdc92e76cf3c72f6b456579bf773ad0081803a6569ffc19c?s=96&d=mm&r=g","height":96,"width":96}},"publisher":{"@type":"Organization","name":"snella.cz","logo":{"@type":"ImageObject","@id":"\/logo.png","url":"\/logo.png","width":600,"height":60}},"url":"https:\/\/www.snella.cz\/chtelo-by-to-cistku\/","wordCount":221,"articleBody":"Ud\u011blat si \u010das od \u010dasu \u010distku ve sv\u00e9 \u0161atn\u00ed sk\u0159\u00edni, by m\u011bla ka\u017ed\u00e1 z n\u00e1s. J\u00e1 ji d\u011bl\u00e1m celkem pravideln\u011b a stejn\u011b mi p\u0159ipad\u00e1, \u017ee tam i tak nech\u00e1m d\u00e1msk\u00e9 oble\u010den\u00ed, kter\u00e9 po n\u011bjak\u00e9m dal\u0161\u00edm \u010dase, op\u011bt vy\u0159ad\u00edm. Je to neskute\u010dn\u00e9, jak se \u010dlov\u011bku hromad\u00ed. Nejhor\u0161\u00ed je, kdy\u017e se v\u00e1m m\u011bn\u00ed v\u00e1ha t\u0159eba o dvacet kilo nahoru a zase dol\u016f. V mezidob\u00ed spoustu v\u011bc\u00ed vy\u0159ad\u00edte, darujete a pak v\u00e1m zase chyb\u00ed. Jste ide\u00e1ln\u00ed \u010dlov\u011bk pro obchody s konfekc\u00ed. Pomoci je norm\u00e1ln\u00ed Vozila jsem do azylov\u00e9ho domu, n\u011bkolik kilometr\u016f od n\u00e1s, d\u00e1msk\u00e9 oble\u010den\u00ed hodn\u011b \u010dasto. Tak jak se m\u011bnil m\u016fj \u0161atn\u00edk, tak \u010dasto dost\u00e1vali i oni dal\u0161\u00ed a dal\u0161\u00ed p\u0159\u00edd\u011bl v\u011bc\u00ed. Hodn\u011b m\u011b mrzelo, \u017ee na to, \u017ee jsem si vybrala pr\u00e1v\u011b jejich d\u016fm, nedok\u00e1zali ani po\u0159\u00e1dn\u011b pod\u011bkovat. Jen si rychle vzali ta\u0161ku, nebo ta\u0161ky a zabouchli dve\u0159e. P\u0159ipadalo mi to d\u011bsn\u011b divn\u00e9. Ne\u010dekala jsem slavobr\u00e1nu a ovace, ani odm\u011bnu. \u010cekala jsem p\u0159\u00e1telsk\u00e9 pod\u00edv\u00e1n\u00ed do o\u010d\u00ed a up\u0159\u00edmn\u00e9 pod\u011bkov\u00e1n\u00ed.                                                                                                                                                                                                                                                                                                                                                                                        4.7\/5 - (3 votes)        "},{"@context":"https:\/\/schema.org\/","@type":"BreadcrumbList","itemListElement":[{"@type":"ListItem","position":1,"name":"Cht\u011blo by to \u010distku","item":"https:\/\/www.snella.cz\/chtelo-by-to-cistku\/#breadcrumbitem"}]}]